{"id":3814,"date":"2021-12-07T11:52:30","date_gmt":"2021-12-07T10:52:30","guid":{"rendered":"https:\/\/vacayinabox.se\/?p=3814"},"modified":"2021-12-27T15:13:15","modified_gmt":"2021-12-27T14:13:15","slug":"black-friday-inget-for-oss","status":"publish","type":"post","link":"https:\/\/vacayinabox.se\/en\/black-friday-inget-for-oss\/","title":{"rendered":"Black Friday, not for us"},"content":{"rendered":"<p>[et_pb_section fb_built=&#8221;1&#8243; _builder_version=&#8221;4.8.1&#8243; _module_preset=&#8221;default&#8221; global_colors_info=&#8221;{}&#8221;][et_pb_row column_structure=&#8221;3_5,2_5&#8243; _builder_version=&#8221;4.11.4&#8243; _module_preset=&#8221;default&#8221; global_colors_info=&#8221;{}&#8221;][et_pb_column type=&#8221;3_5&#8243; _builder_version=&#8221;4.8.1&#8243; _module_preset=&#8221;default&#8221; global_colors_info=&#8221;{}&#8221;][et_pb_text _builder_version=&#8221;4.11.4&#8243; _module_preset=&#8221;default&#8221; header_font=&#8221;|||on|||||&#8221; header_line_height=&#8221;0.5em&#8221; header_2_font=&#8221;|||on|||||&#8221; global_colors_info=&#8221;{}&#8221;]<\/p>\n<h1>Svart fredag, vitt samvete?<\/h1>\n<p><strong>Helena Englund Hjalmarsson, grundare och utvecklingschef f\u00f6r Vacation in a box, resonerar om Black Friday och entrepren\u00f6rskap.<\/strong><\/p>\n<p>Jag \u00e4r f\u00f6retagare och marknadsf\u00f6rare och det har jag varit i \u00f6ver 30 \u00e5r. Det som \u00e4r lite nytt f\u00f6r mig \u00e4r att jag sedan i v\u00e5ras har f\u00f6retaget\u00a0<a href=\"https:\/\/vacayinabox.se\/\" target=\"_blank\" rel=\"nofollow noopener\">Vacation in a box<\/a>\u00a0som v\u00e4nder sig till konsumentmarknaden och i och med det st\u00e4lls jag inf\u00f6r nya val och beslut som f\u00f6retagare. Ett av dessa v\u00e4gval \u00e4r konsumentjippon som Black Friday.<\/p>\n<p>Black Friday har i mina \u00f6gon en s\u00e4rst\u00e4llning bland jippon eftersom den verkligen uteslutande handlar om konsumtionshets. Jag j\u00e4mf\u00f6r d\u00e5 med till exempel julen d\u00e5 handeln vill f\u00e5 oss att k\u00f6pa fler julklappar eller alla hj\u00e4rtans dag som vill f\u00e5 oss att k\u00f6pa romantiska presenter till v\u00e5ra k\u00e4ra. Men \u00e4ven om k\u00f6phetsen \u00e4r r\u00e4tt h\u00e5rd \u00e4ven vid dessa h\u00f6gtider, s\u00e5 \u00e4r de i alla fall n\u00e5got mer \u00e4n bara k\u00f6phets. Black Friday handlar bara om konsumtion, inget annat, och fenomenet har successivt nyligen f\u00f6rl\u00e4ngts till en hel Black Week, f\u00f6ljt av Cyber Monday, e-handelns egen Black Friday. Och ingen tycker v\u00e4l egentligen att det h\u00e4r k\u00e4nns bra?<\/p>\n<h2>Vad kan jag som entrepren\u00f6r g\u00f6ra och vad vill jag g\u00f6ra<\/h2>\n<p>Vad f\u00f6retagen\u00a0<strong>kan<\/strong>\u00a0g\u00f6ra och vad de\u00a0<strong>vill<\/strong>\u00a0g\u00f6ra \u00e4r tv\u00e5 olika saker. F\u00f6r m\u00e5nga \u00e4r de p\u00e5 total kollisionskurs med varandra. Visst kan f\u00f6retagarna v\u00e4lja att helt avst\u00e5 fr\u00e5n att delta i hysterin och bara k\u00f6ra p\u00e5 som vanligt \u2013 g\u00f6ra business as usual bara. Men f\u00f6r vissa branscher inneb\u00e4r det en lek med d\u00f6den, eller \u00e5tminstone risk att f\u00f6rlora stora pengar och marknadsandelar. F\u00f6r n\u00e4r de fyndsugna och prismedvetna konsumenterna har tillg\u00e5ng till prisj\u00e4mf\u00f6relser i e-handeln i hela landet, hela Europa eller hela v\u00e4rlden k\u00f6per de sina varor till l\u00e4gsta Black Friday-pris och det f\u00f6retag som har kvar ordinarie priser f\u00e5r en kraftig dipp, inte bara under Black Week, utan l\u00e5ng tid efter eftersom marknaden \u00e4r m\u00e4tt efter festen. S\u00e5 visst \u00e4r det ett dilemma och vem \u00e4r jag att s\u00e4ga till dem som satsat sina pengar och sin energi p\u00e5 att driva ett f\u00f6retag att de ska riskera allt f\u00f6r att g\u00e5 i br\u00e4schen f\u00f6r att stoppa ett framrusande t\u00e5g som kanske \u00e4nd\u00e5 inte g\u00e5r att bromsa.<\/p>\n<p>Men samvetet d\u00e5, kan jag som f\u00f6retagare inte bara best\u00e4mma mig f\u00f6r att inte vara med i den h\u00e4r leken? Jo vissa av oss kan ju det, s\u00e4rskilt om vi s\u00e4ljer produkter som kanske konkurrerar med fler parametrar \u00e4n bara pris. Mitt eget f\u00f6retag s\u00e4ljer virtuella resor bland annat till konsumenter som \u00e4r milj\u00f6medvetna. S\u00e5 h\u00e5llbarhet \u00e4r ett starkt konkurrensmedel f\u00f6r oss. Vi har best\u00e4mt oss f\u00f6r att inte driva f\u00f6retag om vi m\u00e5ste g\u00f6ra avkall p\u00e5 v\u00e5ra v\u00e4rderingar. Men som sagt, det \u00e4r inte s\u00e5 sv\u00e5rt f\u00f6r oss. Vi har inga konkurrenter som trycker ner v\u00e5rt boxpris och tvingar oss att v\u00e4lja mellan l\u00f6nsamhet och etik.<\/p>\n<h2>Alla kanske m\u00e5ste ha samvete<\/h2>\n<p>Om vi ska n\u00e5 det\u00a0<a href=\"https:\/\/www.globalamalen.se\/om-globala-malen\/mal-12-hallbar-konsumtion-och-produktion\/\" target=\"_blank\" rel=\"nofollow noopener\">globala m\u00e5let nr 12 om h\u00e5llbar konsumtion och produktion<\/a>\u00a0kanske alla m\u00e5ste agera ansvarsfullt och med samvete. Handelns intresseorganisationer beh\u00f6ver driva opinion f\u00f6r h\u00e5llbar handel. P\u00e5 s\u00e5 s\u00e4tt f\u00e5r vi ekonomiska f\u00f6ruts\u00e4ttningar att h\u00e5lla Black Friday inom vettiga gr\u00e4nser. Men det finns gr\u00e4nser f\u00f6r vad de kan g\u00f6ra med tanke p\u00e5 den fria konkurrensen. Och \u00e4ven om jag inte gillar att l\u00e4gga ansvar p\u00e5 konsumenterna s\u00e5 g\u00e5r det ju inte komma ifr\u00e5n att tydliga konsumentbeteenden p\u00e5verkar f\u00f6retagens beteende. Om vi konsumenter slutar att nappa p\u00e5 handelns black week-beten s\u00e5 slutar de s\u00e5 sm\u00e5ningom \u2026 H\u00f6nan eller \u00e4gget, vem ska b\u00f6rja? Men jag \u00e4r i alla fall glad \u00f6ver motr\u00f6relser som till exempel\u00a0<strong>I don\u2019t buy it<\/strong>.<\/p>\n<p>Jag har ingen l\u00f6sning och min avsikt med det h\u00e4r inl\u00e4gget \u00e4r inte att peka finger \u00e5t n\u00e5got h\u00e5ll. Det \u00e4r bara mina egna funderingar och kanske att jag k\u00e4nner mig lite l\u00e4ttad att jag s\u00e4ljer en produkt som inte tvingar mig att fatta sv\u00e5ra beslut. \u00c5tminstone inte i den h\u00e4r fr\u00e5gan.<\/p>\n<p>[\/et_pb_text][\/et_pb_column][et_pb_column type=&#8221;2_5&#8243; _builder_version=&#8221;4.8.1&#8243; _module_preset=&#8221;default&#8221; global_colors_info=&#8221;{}&#8221;][et_pb_image src=&#8221;https:\/\/vacayinabox.se\/wp-content\/uploads\/2021\/12\/Svart-fredag-och-vitt-samvete.jpg&#8221; alt=&#8221;V\u00e4gvisare&#8221; title_text=&#8221;Svart fredag och vitt samvete&#8221; _builder_version=&#8221;4.11.4&#8243; _module_preset=&#8221;default&#8221; custom_margin=&#8221;|||30px|false|false&#8221; global_colors_info=&#8221;{}&#8221;][\/et_pb_image][\/et_pb_column][\/et_pb_row][\/et_pb_section]<\/p>\n","protected":false},"excerpt":{"rendered":"<p>Svart fredag, vitt samvete? Helena Englund Hjalmarsson, grundare och utvecklingschef f\u00f6r Vacation in a box, resonerar om Black Friday och entrepren\u00f6rskap. Jag \u00e4r f\u00f6retagare och marknadsf\u00f6rare och det har jag varit i \u00f6ver 30 \u00e5r. Det som \u00e4r lite nytt f\u00f6r mig \u00e4r att jag sedan i v\u00e5ras har f\u00f6retaget\u00a0Vacation in a box\u00a0som v\u00e4nder sig [&hellip;]<\/p>\n","protected":false},"author":1,"featured_media":0,"comment_status":"open","ping_status":"closed","sticky":false,"template":"","format":"standard","meta":{"_et_pb_use_builder":"on","_et_pb_old_content":"","_et_gb_content_width":"","footnotes":""},"categories":[1],"tags":[],"class_list":["post-3814","post","type-post","status-publish","format-standard","hentry","category-uncategorized"],"_links":{"self":[{"href":"https:\/\/vacayinabox.se\/en\/wp-json\/wp\/v2\/posts\/3814","targetHints":{"allow":["GET"]}}],"collection":[{"href":"https:\/\/vacayinabox.se\/en\/wp-json\/wp\/v2\/posts"}],"about":[{"href":"https:\/\/vacayinabox.se\/en\/wp-json\/wp\/v2\/types\/post"}],"author":[{"embeddable":true,"href":"https:\/\/vacayinabox.se\/en\/wp-json\/wp\/v2\/users\/1"}],"replies":[{"embeddable":true,"href":"https:\/\/vacayinabox.se\/en\/wp-json\/wp\/v2\/comments?post=3814"}],"version-history":[{"count":5,"href":"https:\/\/vacayinabox.se\/en\/wp-json\/wp\/v2\/posts\/3814\/revisions"}],"predecessor-version":[{"id":4031,"href":"https:\/\/vacayinabox.se\/en\/wp-json\/wp\/v2\/posts\/3814\/revisions\/4031"}],"wp:attachment":[{"href":"https:\/\/vacayinabox.se\/en\/wp-json\/wp\/v2\/media?parent=3814"}],"wp:term":[{"taxonomy":"category","embeddable":true,"href":"https:\/\/vacayinabox.se\/en\/wp-json\/wp\/v2\/categories?post=3814"},{"taxonomy":"post_tag","embeddable":true,"href":"https:\/\/vacayinabox.se\/en\/wp-json\/wp\/v2\/tags?post=3814"}],"curies":[{"name":"wp","href":"https:\/\/api.w.org\/{rel}","templated":true}]}}